{"id":9290,"date":"2025-06-30T16:48:36","date_gmt":"2025-06-30T14:48:36","guid":{"rendered":"https:\/\/solida.com.es\/la-crescita-delle-rinnovabili-segna-un-record-storico-ma-la-transizione-energetica-e-ancora-a-rischio\/"},"modified":"2025-07-01T14:08:24","modified_gmt":"2025-07-01T12:08:24","slug":"la-crescita-delle-rinnovabili-segna-un-record-storico-ma-la-transizione-energetica-e-ancora-a-rischio","status":"publish","type":"post","link":"https:\/\/solida.com.es\/it\/la-crescita-delle-rinnovabili-segna-un-record-storico-ma-la-transizione-energetica-e-ancora-a-rischio\/","title":{"rendered":"La crescita delle rinnovabili segna un record storico, ma la transizione energetica \u00e8 ancora a rischio"},"content":{"rendered":"<p><img data-recalc-dims=\"1\" loading=\"lazy\" decoding=\"async\" class=\"alignnone size-us_1025_400 wp-image-9203\" src=\"https:\/\/i0.wp.com\/solida.com.es\/wp-content\/uploads\/2025\/06\/Renewables-2024-per-region-REN21-1.png?resize=753%2C400&#038;ssl=1\" alt=\"\" width=\"753\" height=\"400\" srcset=\"https:\/\/i0.wp.com\/solida.com.es\/wp-content\/uploads\/2025\/06\/Renewables-2024-per-region-REN21-1.png?resize=753%2C400&amp;ssl=1 753w, https:\/\/i0.wp.com\/solida.com.es\/wp-content\/uploads\/2025\/06\/Renewables-2024-per-region-REN21-1.png?resize=300%2C159&amp;ssl=1 300w, https:\/\/i0.wp.com\/solida.com.es\/wp-content\/uploads\/2025\/06\/Renewables-2024-per-region-REN21-1.png?resize=1024%2C544&amp;ssl=1 1024w, https:\/\/i0.wp.com\/solida.com.es\/wp-content\/uploads\/2025\/06\/Renewables-2024-per-region-REN21-1.png?w=1248&amp;ssl=1 1248w\" sizes=\"auto, (max-width: 753px) 100vw, 753px\" \/><\/p>\n<p>L\u2019anno 2024 ha segnato una pietra miliare senza precedenti per le energie rinnovabili: la capacit\u00e0 globale \u00e8 aumentata di 741 gigawatt (GW), rappresentando il pi\u00f9 grande incremento annuale mai registrato finora, con una crescita del 18% rispetto all\u2019anno precedente. L\u2019energia solare fotovoltaica \u00e8 stata la grande protagonista, contribuendo per un impressionante 81% a questa espansione, con la Cina in testa, concentrando il 60% delle nuove installazioni fotovoltaiche a livello mondiale. <\/p>\n<p>Questo boom riflette i progressi tecnologici e una crescente domanda di energia pulita. Inoltre, molte aziende \u2014 in particolare nei settori tecnologico e industriale \u2014 hanno aumentato gli acquisti di energia rinnovabile tramite contratti di compravendita di energia (PPA), raggiungendo i 69 GW, pari a un aumento del 35% rispetto al 2023. Questa tendenza conferma che le rinnovabili non sono solo sostenibili, ma anche una scelta economicamente valida.  <\/p>\n<p>Tuttavia, il rapporto pubblicato da REN21,<a href=\"https:\/\/www.ren21.net\/renewables-2025-global-status-report-global-overview\/\" target=\"_blank\" rel=\"noopener\"><em> Renewables 2025 Global Status Report<\/em><\/a>, lancia un avvertimento: l\u2019attuale ritmo di crescita non \u00e8 sufficiente per raggiungere gli ambiziosi obiettivi climatici internazionali. Per rispettare l\u2019obiettivo della COP28 di triplicare la capacit\u00e0 rinnovabile entro il 2030, il mondo dovrebbe aggiungere circa 800 GW in pi\u00f9 rispetto a quanto gi\u00e0 previsto; solo l\u2019energia solare fotovoltaica sta crescendo al ritmo necessario per centrare questo traguardo. <\/p>\n<p>Nel 2024, la domanda energetica \u00e8 cresciuta del 2,2%, trainata dalle economie emergenti e, in particolare, dalla Cina. Il consumo di elettricit\u00e0 \u00e8 aumentato del 4,3%, con settori come l\u2019intelligenza artificiale, la refrigerazione, i trasporti e l\u2019industria come principali motori. Come diretta conseguenza, si \u00e8 registrato un aumento nell\u2019uso dei combustibili fossili, un incremento dello 0,8% nelle emissioni globali di CO\u2082 e un nuovo record storico nella produzione di energia da carbone.  <\/p>\n<p>\u00c8 necessario guardare oltre il sistema elettrico. Attualmente, il riscaldamento e i combustibili rappresentano oltre i tre quarti del consumo finale di energia (CFE), ma le rinnovabili coprono solo il 5,7% di questa domanda. Inoltre, l\u2019elettrificazione dei settori di uso finale rimane lenta e disomogenea, limitando l\u2019efficacia reale della transizione energetica.  <\/p>\n<p><img data-recalc-dims=\"1\" loading=\"lazy\" decoding=\"async\" class=\"alignnone size-us_1025_400 wp-image-9207\" src=\"https:\/\/i0.wp.com\/solida.com.es\/wp-content\/uploads\/2025\/06\/imagen-4.png?resize=1025%2C360&#038;ssl=1\" alt=\"\" width=\"1025\" height=\"360\" srcset=\"https:\/\/i0.wp.com\/solida.com.es\/wp-content\/uploads\/2025\/06\/imagen-4.png?resize=1025%2C360&amp;ssl=1 1025w, https:\/\/i0.wp.com\/solida.com.es\/wp-content\/uploads\/2025\/06\/imagen-4.png?resize=300%2C105&amp;ssl=1 300w, https:\/\/i0.wp.com\/solida.com.es\/wp-content\/uploads\/2025\/06\/imagen-4.png?resize=1024%2C359&amp;ssl=1 1024w, https:\/\/i0.wp.com\/solida.com.es\/wp-content\/uploads\/2025\/06\/imagen-4.png?w=1317&amp;ssl=1 1317w\" sizes=\"auto, (max-width: 1025px) 100vw, 1025px\" \/>Nonostante la crescita costante delle energie rinnovabili, il rapporto sottolinea che questo progresso manca di un sostegno strutturale solido: l\u2019assenza di una pianificazione energetica integrata, quadri normativi stabili, reti elettriche moderne e meccanismi di finanziamento accessibili mette in dubbio la capacit\u00e0 di mantenere l\u2019attuale slancio.<\/p>\n<p>Senza cambiamenti profondi nel sistema energetico, sostenuti da decisioni politiche chiare e da una pianificazione a lungo termine, la transizione verso un\u2019economia pi\u00f9 pulita e resiliente rischia di non essere completata.<\/p>\n<p>Fonte: <a href=\"https:\/\/www.ren21.net\/renewables-2025-global-status-report-global-overview\/\" target=\"_blank\" rel=\"noopener\">Renewables 2025 Global Status Report: Global Overview<\/a><\/p>\n","protected":false},"excerpt":{"rendered":"<p>Il fotovoltaico \u00e8 l\u2019unica tecnologia attualmente sulla buona strada per raggiungere l\u2019obiettivo della COP28 di triplicare la capacit\u00e0 rinnovabile entro il 2030.<\/p>\n","protected":false},"author":3,"featured_media":9205,"comment_status":"closed","ping_status":"closed","sticky":false,"template":"","format":"standard","meta":{"footnotes":""},"categories":[184],"tags":[],"class_list":["post-9290","post","type-post","status-publish","format-standard","has-post-thumbnail","hentry","category-non-categorizzato"],"yoast_head":"<!-- This site is optimized with the Yoast SEO plugin v27.5 - https:\/\/yoast.com\/product\/yoast-seo-wordpress\/ -->\n<title>La crescita delle rinnovabili segna un record storico, ma la transizione energetica \u00e8 ancora a rischio - S\u00f3lida<\/title>\n<meta name=\"description\" content=\"Il rapporto pubblicato da REN21, Renewables 2025 Global Status Report, lancia un avvertimento: l\u2019attuale ritmo non \u00e8 sufficiente per raggiungere gli ambiziosi obiettivi climatici internazionali.\" \/>\n<meta name=\"robots\" content=\"index, follow, max-snippet:-1, max-image-preview:large, max-video-preview:-1\" \/>\n<link rel=\"canonical\" href=\"https:\/\/solida.com.es\/it\/la-crescita-delle-rinnovabili-segna-un-record-storico-ma-la-transizione-energetica-e-ancora-a-rischio\/\" \/>\n<meta property=\"og:locale\" content=\"it_IT\" \/>\n<meta property=\"og:type\" content=\"article\" \/>\n<meta property=\"og:title\" content=\"La crescita delle rinnovabili segna un record storico, ma la transizione energetica \u00e8 ancora a rischio - S\u00f3lida\" \/>\n<meta property=\"og:description\" content=\"Il rapporto pubblicato da REN21, Renewables 2025 Global Status Report, lancia un avvertimento: l\u2019attuale ritmo non \u00e8 sufficiente per raggiungere gli ambiziosi obiettivi climatici internazionali.\" \/>\n<meta property=\"og:url\" content=\"https:\/\/solida.com.es\/it\/la-crescita-delle-rinnovabili-segna-un-record-storico-ma-la-transizione-energetica-e-ancora-a-rischio\/\" \/>\n<meta property=\"og:site_name\" content=\"S\u00f3lida\" \/>\n<meta property=\"article:published_time\" content=\"2025-06-30T14:48:36+00:00\" \/>\n<meta property=\"article:modified_time\" content=\"2025-07-01T12:08:24+00:00\" \/>\n<meta property=\"og:image\" content=\"https:\/\/solida.com.es\/wp-content\/uploads\/2025\/06\/Renewables-2024-per-region-REN21-1.png\" \/>\n\t<meta property=\"og:image:width\" content=\"1248\" \/>\n\t<meta property=\"og:image:height\" content=\"663\" \/>\n\t<meta property=\"og:image:type\" content=\"image\/png\" \/>\n<meta name=\"author\" content=\"Solida Administrador\" \/>\n<meta name=\"twitter:card\" content=\"summary_large_image\" \/>\n<meta name=\"twitter:label1\" content=\"Scritto da\" \/>\n\t<meta name=\"twitter:data1\" content=\"Solida Administrador\" \/>\n\t<meta name=\"twitter:label2\" content=\"Tempo di lettura stimato\" \/>\n\t<meta name=\"twitter:data2\" content=\"2 minuti\" \/>\n<script type=\"application\/ld+json\" class=\"yoast-schema-graph\">{\"@context\":\"https:\\\/\\\/schema.org\",\"@graph\":[{\"@type\":\"Article\",\"@id\":\"https:\\\/\\\/solida.com.es\\\/it\\\/la-crescita-delle-rinnovabili-segna-un-record-storico-ma-la-transizione-energetica-e-ancora-a-rischio\\\/#article\",\"isPartOf\":{\"@id\":\"https:\\\/\\\/solida.com.es\\\/it\\\/la-crescita-delle-rinnovabili-segna-un-record-storico-ma-la-transizione-energetica-e-ancora-a-rischio\\\/\"},\"author\":{\"name\":\"Solida Administrador\",\"@id\":\"https:\\\/\\\/solida.com.es\\\/it\\\/#\\\/schema\\\/person\\\/6d5bb661215a6aed0ad7743800fe774f\"},\"headline\":\"La crescita delle rinnovabili segna un record storico, ma la transizione energetica \u00e8 ancora a rischio\",\"datePublished\":\"2025-06-30T14:48:36+00:00\",\"dateModified\":\"2025-07-01T12:08:24+00:00\",\"mainEntityOfPage\":{\"@id\":\"https:\\\/\\\/solida.com.es\\\/it\\\/la-crescita-delle-rinnovabili-segna-un-record-storico-ma-la-transizione-energetica-e-ancora-a-rischio\\\/\"},\"wordCount\":416,\"image\":{\"@id\":\"https:\\\/\\\/solida.com.es\\\/it\\\/la-crescita-delle-rinnovabili-segna-un-record-storico-ma-la-transizione-energetica-e-ancora-a-rischio\\\/#primaryimage\"},\"thumbnailUrl\":\"https:\\\/\\\/solida.com.es\\\/wp-content\\\/uploads\\\/2025\\\/06\\\/Renewables-2024-per-region-REN21-1.png\",\"articleSection\":[\"Non categorizzato\"],\"inLanguage\":\"it-IT\"},{\"@type\":\"WebPage\",\"@id\":\"https:\\\/\\\/solida.com.es\\\/it\\\/la-crescita-delle-rinnovabili-segna-un-record-storico-ma-la-transizione-energetica-e-ancora-a-rischio\\\/\",\"url\":\"https:\\\/\\\/solida.com.es\\\/it\\\/la-crescita-delle-rinnovabili-segna-un-record-storico-ma-la-transizione-energetica-e-ancora-a-rischio\\\/\",\"name\":\"La crescita delle rinnovabili segna un record storico, ma la transizione energetica \u00e8 ancora a rischio - S\u00f3lida\",\"isPartOf\":{\"@id\":\"https:\\\/\\\/solida.com.es\\\/it\\\/#website\"},\"primaryImageOfPage\":{\"@id\":\"https:\\\/\\\/solida.com.es\\\/it\\\/la-crescita-delle-rinnovabili-segna-un-record-storico-ma-la-transizione-energetica-e-ancora-a-rischio\\\/#primaryimage\"},\"image\":{\"@id\":\"https:\\\/\\\/solida.com.es\\\/it\\\/la-crescita-delle-rinnovabili-segna-un-record-storico-ma-la-transizione-energetica-e-ancora-a-rischio\\\/#primaryimage\"},\"thumbnailUrl\":\"https:\\\/\\\/solida.com.es\\\/wp-content\\\/uploads\\\/2025\\\/06\\\/Renewables-2024-per-region-REN21-1.png\",\"datePublished\":\"2025-06-30T14:48:36+00:00\",\"dateModified\":\"2025-07-01T12:08:24+00:00\",\"author\":{\"@id\":\"https:\\\/\\\/solida.com.es\\\/it\\\/#\\\/schema\\\/person\\\/6d5bb661215a6aed0ad7743800fe774f\"},\"description\":\"Il rapporto pubblicato da REN21, Renewables 2025 Global Status Report, lancia un avvertimento: l\u2019attuale ritmo non \u00e8 sufficiente per raggiungere gli ambiziosi obiettivi climatici internazionali.\",\"breadcrumb\":{\"@id\":\"https:\\\/\\\/solida.com.es\\\/it\\\/la-crescita-delle-rinnovabili-segna-un-record-storico-ma-la-transizione-energetica-e-ancora-a-rischio\\\/#breadcrumb\"},\"inLanguage\":\"it-IT\",\"potentialAction\":[{\"@type\":\"ReadAction\",\"target\":[\"https:\\\/\\\/solida.com.es\\\/it\\\/la-crescita-delle-rinnovabili-segna-un-record-storico-ma-la-transizione-energetica-e-ancora-a-rischio\\\/\"]}]},{\"@type\":\"ImageObject\",\"inLanguage\":\"it-IT\",\"@id\":\"https:\\\/\\\/solida.com.es\\\/it\\\/la-crescita-delle-rinnovabili-segna-un-record-storico-ma-la-transizione-energetica-e-ancora-a-rischio\\\/#primaryimage\",\"url\":\"https:\\\/\\\/solida.com.es\\\/wp-content\\\/uploads\\\/2025\\\/06\\\/Renewables-2024-per-region-REN21-1.png\",\"contentUrl\":\"https:\\\/\\\/solida.com.es\\\/wp-content\\\/uploads\\\/2025\\\/06\\\/Renewables-2024-per-region-REN21-1.png\",\"width\":1248,\"height\":663},{\"@type\":\"BreadcrumbList\",\"@id\":\"https:\\\/\\\/solida.com.es\\\/it\\\/la-crescita-delle-rinnovabili-segna-un-record-storico-ma-la-transizione-energetica-e-ancora-a-rischio\\\/#breadcrumb\",\"itemListElement\":[{\"@type\":\"ListItem\",\"position\":1,\"name\":\"Portada\",\"item\":\"https:\\\/\\\/solida.com.es\\\/it\\\/\"},{\"@type\":\"ListItem\",\"position\":2,\"name\":\"La crescita delle rinnovabili segna un record storico, ma la transizione energetica \u00e8 ancora a rischio\"}]},{\"@type\":\"WebSite\",\"@id\":\"https:\\\/\\\/solida.com.es\\\/it\\\/#website\",\"url\":\"https:\\\/\\\/solida.com.es\\\/it\\\/\",\"name\":\"S\u00f3lida\",\"description\":\"Ingeniera especializada en renovables\",\"potentialAction\":[{\"@type\":\"SearchAction\",\"target\":{\"@type\":\"EntryPoint\",\"urlTemplate\":\"https:\\\/\\\/solida.com.es\\\/it\\\/?s={search_term_string}\"},\"query-input\":{\"@type\":\"PropertyValueSpecification\",\"valueRequired\":true,\"valueName\":\"search_term_string\"}}],\"inLanguage\":\"it-IT\"},{\"@type\":\"Person\",\"@id\":\"https:\\\/\\\/solida.com.es\\\/it\\\/#\\\/schema\\\/person\\\/6d5bb661215a6aed0ad7743800fe774f\",\"name\":\"Solida Administrador\",\"image\":{\"@type\":\"ImageObject\",\"inLanguage\":\"it-IT\",\"@id\":\"https:\\\/\\\/secure.gravatar.com\\\/avatar\\\/fb786a37b6aa4e6c8fcb84c41d1c12ab0de39c097abe6ba793fedc2e0041d95f?s=96&d=mm&r=g\",\"url\":\"https:\\\/\\\/secure.gravatar.com\\\/avatar\\\/fb786a37b6aa4e6c8fcb84c41d1c12ab0de39c097abe6ba793fedc2e0041d95f?s=96&d=mm&r=g\",\"contentUrl\":\"https:\\\/\\\/secure.gravatar.com\\\/avatar\\\/fb786a37b6aa4e6c8fcb84c41d1c12ab0de39c097abe6ba793fedc2e0041d95f?s=96&d=mm&r=g\",\"caption\":\"Solida Administrador\"},\"url\":\"https:\\\/\\\/solida.com.es\\\/it\\\/author\\\/solida-administrador\\\/\"}]}<\/script>\n<!-- \/ Yoast SEO plugin. -->","yoast_head_json":{"title":"La crescita delle rinnovabili segna un record storico, ma la transizione energetica \u00e8 ancora a rischio - S\u00f3lida","description":"Il rapporto pubblicato da REN21, Renewables 2025 Global Status Report, lancia un avvertimento: l\u2019attuale ritmo non \u00e8 sufficiente per raggiungere gli ambiziosi obiettivi climatici internazionali.","robots":{"index":"index","follow":"follow","max-snippet":"max-snippet:-1","max-image-preview":"max-image-preview:large","max-video-preview":"max-video-preview:-1"},"canonical":"https:\/\/solida.com.es\/it\/la-crescita-delle-rinnovabili-segna-un-record-storico-ma-la-transizione-energetica-e-ancora-a-rischio\/","og_locale":"it_IT","og_type":"article","og_title":"La crescita delle rinnovabili segna un record storico, ma la transizione energetica \u00e8 ancora a rischio - S\u00f3lida","og_description":"Il rapporto pubblicato da REN21, Renewables 2025 Global Status Report, lancia un avvertimento: l\u2019attuale ritmo non \u00e8 sufficiente per raggiungere gli ambiziosi obiettivi climatici internazionali.","og_url":"https:\/\/solida.com.es\/it\/la-crescita-delle-rinnovabili-segna-un-record-storico-ma-la-transizione-energetica-e-ancora-a-rischio\/","og_site_name":"S\u00f3lida","article_published_time":"2025-06-30T14:48:36+00:00","article_modified_time":"2025-07-01T12:08:24+00:00","og_image":[{"width":1248,"height":663,"url":"https:\/\/solida.com.es\/wp-content\/uploads\/2025\/06\/Renewables-2024-per-region-REN21-1.png","type":"image\/png"}],"author":"Solida Administrador","twitter_card":"summary_large_image","twitter_misc":{"Scritto da":"Solida Administrador","Tempo di lettura stimato":"2 minuti"},"schema":{"@context":"https:\/\/schema.org","@graph":[{"@type":"Article","@id":"https:\/\/solida.com.es\/it\/la-crescita-delle-rinnovabili-segna-un-record-storico-ma-la-transizione-energetica-e-ancora-a-rischio\/#article","isPartOf":{"@id":"https:\/\/solida.com.es\/it\/la-crescita-delle-rinnovabili-segna-un-record-storico-ma-la-transizione-energetica-e-ancora-a-rischio\/"},"author":{"name":"Solida Administrador","@id":"https:\/\/solida.com.es\/it\/#\/schema\/person\/6d5bb661215a6aed0ad7743800fe774f"},"headline":"La crescita delle rinnovabili segna un record storico, ma la transizione energetica \u00e8 ancora a rischio","datePublished":"2025-06-30T14:48:36+00:00","dateModified":"2025-07-01T12:08:24+00:00","mainEntityOfPage":{"@id":"https:\/\/solida.com.es\/it\/la-crescita-delle-rinnovabili-segna-un-record-storico-ma-la-transizione-energetica-e-ancora-a-rischio\/"},"wordCount":416,"image":{"@id":"https:\/\/solida.com.es\/it\/la-crescita-delle-rinnovabili-segna-un-record-storico-ma-la-transizione-energetica-e-ancora-a-rischio\/#primaryimage"},"thumbnailUrl":"https:\/\/solida.com.es\/wp-content\/uploads\/2025\/06\/Renewables-2024-per-region-REN21-1.png","articleSection":["Non categorizzato"],"inLanguage":"it-IT"},{"@type":"WebPage","@id":"https:\/\/solida.com.es\/it\/la-crescita-delle-rinnovabili-segna-un-record-storico-ma-la-transizione-energetica-e-ancora-a-rischio\/","url":"https:\/\/solida.com.es\/it\/la-crescita-delle-rinnovabili-segna-un-record-storico-ma-la-transizione-energetica-e-ancora-a-rischio\/","name":"La crescita delle rinnovabili segna un record storico, ma la transizione energetica \u00e8 ancora a rischio - S\u00f3lida","isPartOf":{"@id":"https:\/\/solida.com.es\/it\/#website"},"primaryImageOfPage":{"@id":"https:\/\/solida.com.es\/it\/la-crescita-delle-rinnovabili-segna-un-record-storico-ma-la-transizione-energetica-e-ancora-a-rischio\/#primaryimage"},"image":{"@id":"https:\/\/solida.com.es\/it\/la-crescita-delle-rinnovabili-segna-un-record-storico-ma-la-transizione-energetica-e-ancora-a-rischio\/#primaryimage"},"thumbnailUrl":"https:\/\/solida.com.es\/wp-content\/uploads\/2025\/06\/Renewables-2024-per-region-REN21-1.png","datePublished":"2025-06-30T14:48:36+00:00","dateModified":"2025-07-01T12:08:24+00:00","author":{"@id":"https:\/\/solida.com.es\/it\/#\/schema\/person\/6d5bb661215a6aed0ad7743800fe774f"},"description":"Il rapporto pubblicato da REN21, Renewables 2025 Global Status Report, lancia un avvertimento: l\u2019attuale ritmo non \u00e8 sufficiente per raggiungere gli ambiziosi obiettivi climatici internazionali.","breadcrumb":{"@id":"https:\/\/solida.com.es\/it\/la-crescita-delle-rinnovabili-segna-un-record-storico-ma-la-transizione-energetica-e-ancora-a-rischio\/#breadcrumb"},"inLanguage":"it-IT","potentialAction":[{"@type":"ReadAction","target":["https:\/\/solida.com.es\/it\/la-crescita-delle-rinnovabili-segna-un-record-storico-ma-la-transizione-energetica-e-ancora-a-rischio\/"]}]},{"@type":"ImageObject","inLanguage":"it-IT","@id":"https:\/\/solida.com.es\/it\/la-crescita-delle-rinnovabili-segna-un-record-storico-ma-la-transizione-energetica-e-ancora-a-rischio\/#primaryimage","url":"https:\/\/solida.com.es\/wp-content\/uploads\/2025\/06\/Renewables-2024-per-region-REN21-1.png","contentUrl":"https:\/\/solida.com.es\/wp-content\/uploads\/2025\/06\/Renewables-2024-per-region-REN21-1.png","width":1248,"height":663},{"@type":"BreadcrumbList","@id":"https:\/\/solida.com.es\/it\/la-crescita-delle-rinnovabili-segna-un-record-storico-ma-la-transizione-energetica-e-ancora-a-rischio\/#breadcrumb","itemListElement":[{"@type":"ListItem","position":1,"name":"Portada","item":"https:\/\/solida.com.es\/it\/"},{"@type":"ListItem","position":2,"name":"La crescita delle rinnovabili segna un record storico, ma la transizione energetica \u00e8 ancora a rischio"}]},{"@type":"WebSite","@id":"https:\/\/solida.com.es\/it\/#website","url":"https:\/\/solida.com.es\/it\/","name":"S\u00f3lida","description":"Ingeniera especializada en renovables","potentialAction":[{"@type":"SearchAction","target":{"@type":"EntryPoint","urlTemplate":"https:\/\/solida.com.es\/it\/?s={search_term_string}"},"query-input":{"@type":"PropertyValueSpecification","valueRequired":true,"valueName":"search_term_string"}}],"inLanguage":"it-IT"},{"@type":"Person","@id":"https:\/\/solida.com.es\/it\/#\/schema\/person\/6d5bb661215a6aed0ad7743800fe774f","name":"Solida Administrador","image":{"@type":"ImageObject","inLanguage":"it-IT","@id":"https:\/\/secure.gravatar.com\/avatar\/fb786a37b6aa4e6c8fcb84c41d1c12ab0de39c097abe6ba793fedc2e0041d95f?s=96&d=mm&r=g","url":"https:\/\/secure.gravatar.com\/avatar\/fb786a37b6aa4e6c8fcb84c41d1c12ab0de39c097abe6ba793fedc2e0041d95f?s=96&d=mm&r=g","contentUrl":"https:\/\/secure.gravatar.com\/avatar\/fb786a37b6aa4e6c8fcb84c41d1c12ab0de39c097abe6ba793fedc2e0041d95f?s=96&d=mm&r=g","caption":"Solida Administrador"},"url":"https:\/\/solida.com.es\/it\/author\/solida-administrador\/"}]}},"_links":{"self":[{"href":"https:\/\/solida.com.es\/it\/wp-json\/wp\/v2\/posts\/9290","targetHints":{"allow":["GET"]}}],"collection":[{"href":"https:\/\/solida.com.es\/it\/wp-json\/wp\/v2\/posts"}],"about":[{"href":"https:\/\/solida.com.es\/it\/wp-json\/wp\/v2\/types\/post"}],"author":[{"embeddable":true,"href":"https:\/\/solida.com.es\/it\/wp-json\/wp\/v2\/users\/3"}],"replies":[{"embeddable":true,"href":"https:\/\/solida.com.es\/it\/wp-json\/wp\/v2\/comments?post=9290"}],"version-history":[{"count":1,"href":"https:\/\/solida.com.es\/it\/wp-json\/wp\/v2\/posts\/9290\/revisions"}],"predecessor-version":[{"id":9308,"href":"https:\/\/solida.com.es\/it\/wp-json\/wp\/v2\/posts\/9290\/revisions\/9308"}],"wp:featuredmedia":[{"embeddable":true,"href":"https:\/\/solida.com.es\/it\/wp-json\/wp\/v2\/media\/9205"}],"wp:attachment":[{"href":"https:\/\/solida.com.es\/it\/wp-json\/wp\/v2\/media?parent=9290"}],"wp:term":[{"taxonomy":"category","embeddable":true,"href":"https:\/\/solida.com.es\/it\/wp-json\/wp\/v2\/categories?post=9290"},{"taxonomy":"post_tag","embeddable":true,"href":"https:\/\/solida.com.es\/it\/wp-json\/wp\/v2\/tags?post=9290"}],"curies":[{"name":"wp","href":"https:\/\/api.w.org\/{rel}","templated":true}]}}