{"id":5672,"date":"2022-04-21T10:19:39","date_gmt":"2022-04-21T08:19:39","guid":{"rendered":"https:\/\/solida.com.es\/solida-sponsors-energyear-mediterranea-which-will-feature-angel-bertol-in-a-discussion-panel\/"},"modified":"2022-12-22T10:36:33","modified_gmt":"2022-12-22T09:36:33","slug":"solida-sponsors-energyear-mediterranea-which-will-feature-angel-bertol-in-a-discussion-panel","status":"publish","type":"post","link":"https:\/\/solida.com.es\/en\/solida-sponsors-energyear-mediterranea-which-will-feature-angel-bertol-in-a-discussion-panel\/","title":{"rendered":"S\u00d3LIDA sponsors Energyear Mediterr\u00e1nea which will feature \u00c1ngel Bertol in a discussion panel"},"content":{"rendered":"<p><img data-recalc-dims=\"1\" loading=\"lazy\" decoding=\"async\" class=\"alignnone size-medium wp-image-5678\" src=\"https:\/\/i0.wp.com\/solida.com.es\/wp-content\/uploads\/2022\/04\/ANGEL-BERTOL-EN-300x300.jpg?resize=300%2C300&#038;ssl=1\" alt=\"\" width=\"300\" height=\"300\" srcset=\"https:\/\/i0.wp.com\/solida.com.es\/wp-content\/uploads\/2022\/04\/ANGEL-BERTOL-EN.jpg?resize=300%2C300&amp;ssl=1 300w, https:\/\/i0.wp.com\/solida.com.es\/wp-content\/uploads\/2022\/04\/ANGEL-BERTOL-EN.jpg?resize=1024%2C1024&amp;ssl=1 1024w, https:\/\/i0.wp.com\/solida.com.es\/wp-content\/uploads\/2022\/04\/ANGEL-BERTOL-EN.jpg?resize=150%2C150&amp;ssl=1 150w, https:\/\/i0.wp.com\/solida.com.es\/wp-content\/uploads\/2022\/04\/ANGEL-BERTOL-EN.jpg?resize=400%2C400&amp;ssl=1 400w, https:\/\/i0.wp.com\/solida.com.es\/wp-content\/uploads\/2022\/04\/ANGEL-BERTOL-EN.jpg?w=2280&amp;ssl=1 2280w\" sizes=\"auto, (max-width: 300px) 100vw, 300px\" \/><\/p>\n<p>The new edition of Energyear Spain will take place on 27th and 28th April at the Marriot Auditorium Hotel. A meeting point for professionals in the sector where the challenges and opportunities of the Spanish renewable energy market will be discussed.<\/p>\n<p>Around 500 professionals from leading companies in the Spanish energy market such as Shell, Powertis, Longi, SmartEnergy and Sungrow will participate,<\/p>\n<p>As in previous editions, S\u00d3LIDA will be a sponsor of the event and will also count on the participation of<strong> \u00c1ngel Bertol,<\/strong> S\u00d3LIDA&#8217;s Director of Construction, in the lecture <strong>&#8220;Particularities in the Construction of Solar Projects&#8221;<\/strong> where he will contribute with his more than 15 years of experience in this type of constructions. Representatives from OX2, Above, Energ\u00edas Renovables del Plata, Diverxia and Chemik will also participate.<\/p>\n<p><em><strong>[UPDATE]<\/strong><\/em><\/p>\n<p>The event was a great success. You can watch the presentation again here:<\/p>\n<p><iframe loading=\"lazy\" title=\"Particularities in the construction of solar projects in Spain\" width=\"640\" height=\"360\" src=\"https:\/\/www.youtube.com\/embed\/1Pm6XyT3jnE?list=PLYNcoameuoAfvxXu63MBFhFImGU7Ck6Mt\" frameborder=\"0\" allow=\"accelerometer; autoplay; clipboard-write; encrypted-media; gyroscope; picture-in-picture\" allowfullscreen><\/iframe><\/p>\n<p>&nbsp;<\/p>\n","protected":false},"excerpt":{"rendered":"<p>S\u00d3LIDA will participate in the fifth edition of Energyear Mediterr\u00e1nea where it will once again be a Bronze sponsor.<\/p>\n","protected":false},"author":3,"featured_media":5678,"comment_status":"closed","ping_status":"closed","sticky":false,"template":"","format":"standard","meta":{"footnotes":""},"categories":[114],"tags":[],"class_list":["post-5672","post","type-post","status-publish","format-standard","has-post-thumbnail","hentry","category-uncategorized"],"yoast_head":"<!-- This site is optimized with the Yoast SEO plugin v27.5 - https:\/\/yoast.com\/product\/yoast-seo-wordpress\/ -->\n<title>S\u00d3LIDA sponsors Energyear Mediterr\u00e1nea which will feature \u00c1ngel Bertol in a discussion panel - S\u00f3lida<\/title>\n<meta name=\"description\" content=\"S\u00d3LIDA will participate in the fifth edition of Energyear Mediterr\u00e1nea which will feature \u00c1ngel Bertol in a discussion panel\" \/>\n<meta name=\"robots\" content=\"index, follow, max-snippet:-1, max-image-preview:large, max-video-preview:-1\" \/>\n<link rel=\"canonical\" href=\"https:\/\/solida.com.es\/en\/solida-sponsors-energyear-mediterranea-which-will-feature-angel-bertol-in-a-discussion-panel\/\" \/>\n<meta property=\"og:locale\" content=\"en_US\" \/>\n<meta property=\"og:type\" content=\"article\" \/>\n<meta property=\"og:title\" content=\"S\u00d3LIDA sponsors Energyear Mediterr\u00e1nea which will feature \u00c1ngel Bertol in a discussion panel - S\u00f3lida\" \/>\n<meta property=\"og:description\" content=\"S\u00d3LIDA will participate in the fifth edition of Energyear Mediterr\u00e1nea which will feature \u00c1ngel Bertol in a discussion panel\" \/>\n<meta property=\"og:url\" content=\"https:\/\/solida.com.es\/en\/solida-sponsors-energyear-mediterranea-which-will-feature-angel-bertol-in-a-discussion-panel\/\" \/>\n<meta property=\"og:site_name\" content=\"S\u00f3lida\" \/>\n<meta property=\"article:published_time\" content=\"2022-04-21T08:19:39+00:00\" \/>\n<meta property=\"article:modified_time\" content=\"2022-12-22T09:36:33+00:00\" \/>\n<meta property=\"og:image\" content=\"https:\/\/solida.com.es\/wp-content\/uploads\/2022\/04\/ANGEL-BERTOL-EN.jpg\" \/>\n\t<meta property=\"og:image:width\" content=\"2500\" \/>\n\t<meta property=\"og:image:height\" content=\"2500\" \/>\n\t<meta property=\"og:image:type\" content=\"image\/jpeg\" \/>\n<meta name=\"author\" content=\"Solida Administrador\" \/>\n<meta name=\"twitter:card\" content=\"summary_large_image\" \/>\n<meta name=\"twitter:label1\" content=\"Written by\" \/>\n\t<meta name=\"twitter:data1\" content=\"Solida Administrador\" \/>\n\t<meta name=\"twitter:label2\" content=\"Est. reading time\" \/>\n\t<meta name=\"twitter:data2\" content=\"1 minute\" \/>\n<script type=\"application\/ld+json\" class=\"yoast-schema-graph\">{\"@context\":\"https:\\\/\\\/schema.org\",\"@graph\":[{\"@type\":\"Article\",\"@id\":\"https:\\\/\\\/solida.com.es\\\/en\\\/solida-sponsors-energyear-mediterranea-which-will-feature-angel-bertol-in-a-discussion-panel\\\/#article\",\"isPartOf\":{\"@id\":\"https:\\\/\\\/solida.com.es\\\/en\\\/solida-sponsors-energyear-mediterranea-which-will-feature-angel-bertol-in-a-discussion-panel\\\/\"},\"author\":{\"name\":\"Solida Administrador\",\"@id\":\"https:\\\/\\\/solida.com.es\\\/en\\\/#\\\/schema\\\/person\\\/6d5bb661215a6aed0ad7743800fe774f\"},\"headline\":\"S\u00d3LIDA sponsors Energyear Mediterr\u00e1nea which will feature \u00c1ngel Bertol in a discussion panel\",\"datePublished\":\"2022-04-21T08:19:39+00:00\",\"dateModified\":\"2022-12-22T09:36:33+00:00\",\"mainEntityOfPage\":{\"@id\":\"https:\\\/\\\/solida.com.es\\\/en\\\/solida-sponsors-energyear-mediterranea-which-will-feature-angel-bertol-in-a-discussion-panel\\\/\"},\"wordCount\":178,\"image\":{\"@id\":\"https:\\\/\\\/solida.com.es\\\/en\\\/solida-sponsors-energyear-mediterranea-which-will-feature-angel-bertol-in-a-discussion-panel\\\/#primaryimage\"},\"thumbnailUrl\":\"https:\\\/\\\/solida.com.es\\\/wp-content\\\/uploads\\\/2022\\\/04\\\/ANGEL-BERTOL-EN.jpg\",\"inLanguage\":\"en-US\"},{\"@type\":\"WebPage\",\"@id\":\"https:\\\/\\\/solida.com.es\\\/en\\\/solida-sponsors-energyear-mediterranea-which-will-feature-angel-bertol-in-a-discussion-panel\\\/\",\"url\":\"https:\\\/\\\/solida.com.es\\\/en\\\/solida-sponsors-energyear-mediterranea-which-will-feature-angel-bertol-in-a-discussion-panel\\\/\",\"name\":\"S\u00d3LIDA sponsors Energyear Mediterr\u00e1nea which will feature \u00c1ngel Bertol in a discussion panel - S\u00f3lida\",\"isPartOf\":{\"@id\":\"https:\\\/\\\/solida.com.es\\\/en\\\/#website\"},\"primaryImageOfPage\":{\"@id\":\"https:\\\/\\\/solida.com.es\\\/en\\\/solida-sponsors-energyear-mediterranea-which-will-feature-angel-bertol-in-a-discussion-panel\\\/#primaryimage\"},\"image\":{\"@id\":\"https:\\\/\\\/solida.com.es\\\/en\\\/solida-sponsors-energyear-mediterranea-which-will-feature-angel-bertol-in-a-discussion-panel\\\/#primaryimage\"},\"thumbnailUrl\":\"https:\\\/\\\/solida.com.es\\\/wp-content\\\/uploads\\\/2022\\\/04\\\/ANGEL-BERTOL-EN.jpg\",\"datePublished\":\"2022-04-21T08:19:39+00:00\",\"dateModified\":\"2022-12-22T09:36:33+00:00\",\"author\":{\"@id\":\"https:\\\/\\\/solida.com.es\\\/en\\\/#\\\/schema\\\/person\\\/6d5bb661215a6aed0ad7743800fe774f\"},\"description\":\"S\u00d3LIDA will participate in the fifth edition of Energyear Mediterr\u00e1nea which will feature \u00c1ngel Bertol in a discussion panel\",\"breadcrumb\":{\"@id\":\"https:\\\/\\\/solida.com.es\\\/en\\\/solida-sponsors-energyear-mediterranea-which-will-feature-angel-bertol-in-a-discussion-panel\\\/#breadcrumb\"},\"inLanguage\":\"en-US\",\"potentialAction\":[{\"@type\":\"ReadAction\",\"target\":[\"https:\\\/\\\/solida.com.es\\\/en\\\/solida-sponsors-energyear-mediterranea-which-will-feature-angel-bertol-in-a-discussion-panel\\\/\"]}]},{\"@type\":\"ImageObject\",\"inLanguage\":\"en-US\",\"@id\":\"https:\\\/\\\/solida.com.es\\\/en\\\/solida-sponsors-energyear-mediterranea-which-will-feature-angel-bertol-in-a-discussion-panel\\\/#primaryimage\",\"url\":\"https:\\\/\\\/solida.com.es\\\/wp-content\\\/uploads\\\/2022\\\/04\\\/ANGEL-BERTOL-EN.jpg\",\"contentUrl\":\"https:\\\/\\\/solida.com.es\\\/wp-content\\\/uploads\\\/2022\\\/04\\\/ANGEL-BERTOL-EN.jpg\",\"width\":2500,\"height\":2500},{\"@type\":\"BreadcrumbList\",\"@id\":\"https:\\\/\\\/solida.com.es\\\/en\\\/solida-sponsors-energyear-mediterranea-which-will-feature-angel-bertol-in-a-discussion-panel\\\/#breadcrumb\",\"itemListElement\":[{\"@type\":\"ListItem\",\"position\":1,\"name\":\"Portada\",\"item\":\"https:\\\/\\\/solida.com.es\\\/en\\\/\"},{\"@type\":\"ListItem\",\"position\":2,\"name\":\"S\u00d3LIDA sponsors Energyear Mediterr\u00e1nea which will feature \u00c1ngel Bertol in a discussion panel\"}]},{\"@type\":\"WebSite\",\"@id\":\"https:\\\/\\\/solida.com.es\\\/en\\\/#website\",\"url\":\"https:\\\/\\\/solida.com.es\\\/en\\\/\",\"name\":\"S\u00f3lida\",\"description\":\"Ingeniera especializada en renovables\",\"potentialAction\":[{\"@type\":\"SearchAction\",\"target\":{\"@type\":\"EntryPoint\",\"urlTemplate\":\"https:\\\/\\\/solida.com.es\\\/en\\\/?s={search_term_string}\"},\"query-input\":{\"@type\":\"PropertyValueSpecification\",\"valueRequired\":true,\"valueName\":\"search_term_string\"}}],\"inLanguage\":\"en-US\"},{\"@type\":\"Person\",\"@id\":\"https:\\\/\\\/solida.com.es\\\/en\\\/#\\\/schema\\\/person\\\/6d5bb661215a6aed0ad7743800fe774f\",\"name\":\"Solida Administrador\",\"image\":{\"@type\":\"ImageObject\",\"inLanguage\":\"en-US\",\"@id\":\"https:\\\/\\\/secure.gravatar.com\\\/avatar\\\/fb786a37b6aa4e6c8fcb84c41d1c12ab0de39c097abe6ba793fedc2e0041d95f?s=96&d=mm&r=g\",\"url\":\"https:\\\/\\\/secure.gravatar.com\\\/avatar\\\/fb786a37b6aa4e6c8fcb84c41d1c12ab0de39c097abe6ba793fedc2e0041d95f?s=96&d=mm&r=g\",\"contentUrl\":\"https:\\\/\\\/secure.gravatar.com\\\/avatar\\\/fb786a37b6aa4e6c8fcb84c41d1c12ab0de39c097abe6ba793fedc2e0041d95f?s=96&d=mm&r=g\",\"caption\":\"Solida Administrador\"},\"url\":\"https:\\\/\\\/solida.com.es\\\/en\\\/author\\\/solida-administrador\\\/\"}]}<\/script>\n<!-- \/ Yoast SEO plugin. -->","yoast_head_json":{"title":"S\u00d3LIDA sponsors Energyear Mediterr\u00e1nea which will feature \u00c1ngel Bertol in a discussion panel - S\u00f3lida","description":"S\u00d3LIDA will participate in the fifth edition of Energyear Mediterr\u00e1nea which will feature \u00c1ngel Bertol in a discussion panel","robots":{"index":"index","follow":"follow","max-snippet":"max-snippet:-1","max-image-preview":"max-image-preview:large","max-video-preview":"max-video-preview:-1"},"canonical":"https:\/\/solida.com.es\/en\/solida-sponsors-energyear-mediterranea-which-will-feature-angel-bertol-in-a-discussion-panel\/","og_locale":"en_US","og_type":"article","og_title":"S\u00d3LIDA sponsors Energyear Mediterr\u00e1nea which will feature \u00c1ngel Bertol in a discussion panel - S\u00f3lida","og_description":"S\u00d3LIDA will participate in the fifth edition of Energyear Mediterr\u00e1nea which will feature \u00c1ngel Bertol in a discussion panel","og_url":"https:\/\/solida.com.es\/en\/solida-sponsors-energyear-mediterranea-which-will-feature-angel-bertol-in-a-discussion-panel\/","og_site_name":"S\u00f3lida","article_published_time":"2022-04-21T08:19:39+00:00","article_modified_time":"2022-12-22T09:36:33+00:00","og_image":[{"width":2500,"height":2500,"url":"https:\/\/solida.com.es\/wp-content\/uploads\/2022\/04\/ANGEL-BERTOL-EN.jpg","type":"image\/jpeg"}],"author":"Solida Administrador","twitter_card":"summary_large_image","twitter_misc":{"Written by":"Solida Administrador","Est. reading time":"1 minute"},"schema":{"@context":"https:\/\/schema.org","@graph":[{"@type":"Article","@id":"https:\/\/solida.com.es\/en\/solida-sponsors-energyear-mediterranea-which-will-feature-angel-bertol-in-a-discussion-panel\/#article","isPartOf":{"@id":"https:\/\/solida.com.es\/en\/solida-sponsors-energyear-mediterranea-which-will-feature-angel-bertol-in-a-discussion-panel\/"},"author":{"name":"Solida Administrador","@id":"https:\/\/solida.com.es\/en\/#\/schema\/person\/6d5bb661215a6aed0ad7743800fe774f"},"headline":"S\u00d3LIDA sponsors Energyear Mediterr\u00e1nea which will feature \u00c1ngel Bertol in a discussion panel","datePublished":"2022-04-21T08:19:39+00:00","dateModified":"2022-12-22T09:36:33+00:00","mainEntityOfPage":{"@id":"https:\/\/solida.com.es\/en\/solida-sponsors-energyear-mediterranea-which-will-feature-angel-bertol-in-a-discussion-panel\/"},"wordCount":178,"image":{"@id":"https:\/\/solida.com.es\/en\/solida-sponsors-energyear-mediterranea-which-will-feature-angel-bertol-in-a-discussion-panel\/#primaryimage"},"thumbnailUrl":"https:\/\/solida.com.es\/wp-content\/uploads\/2022\/04\/ANGEL-BERTOL-EN.jpg","inLanguage":"en-US"},{"@type":"WebPage","@id":"https:\/\/solida.com.es\/en\/solida-sponsors-energyear-mediterranea-which-will-feature-angel-bertol-in-a-discussion-panel\/","url":"https:\/\/solida.com.es\/en\/solida-sponsors-energyear-mediterranea-which-will-feature-angel-bertol-in-a-discussion-panel\/","name":"S\u00d3LIDA sponsors Energyear Mediterr\u00e1nea which will feature \u00c1ngel Bertol in a discussion panel - S\u00f3lida","isPartOf":{"@id":"https:\/\/solida.com.es\/en\/#website"},"primaryImageOfPage":{"@id":"https:\/\/solida.com.es\/en\/solida-sponsors-energyear-mediterranea-which-will-feature-angel-bertol-in-a-discussion-panel\/#primaryimage"},"image":{"@id":"https:\/\/solida.com.es\/en\/solida-sponsors-energyear-mediterranea-which-will-feature-angel-bertol-in-a-discussion-panel\/#primaryimage"},"thumbnailUrl":"https:\/\/solida.com.es\/wp-content\/uploads\/2022\/04\/ANGEL-BERTOL-EN.jpg","datePublished":"2022-04-21T08:19:39+00:00","dateModified":"2022-12-22T09:36:33+00:00","author":{"@id":"https:\/\/solida.com.es\/en\/#\/schema\/person\/6d5bb661215a6aed0ad7743800fe774f"},"description":"S\u00d3LIDA will participate in the fifth edition of Energyear Mediterr\u00e1nea which will feature \u00c1ngel Bertol in a discussion panel","breadcrumb":{"@id":"https:\/\/solida.com.es\/en\/solida-sponsors-energyear-mediterranea-which-will-feature-angel-bertol-in-a-discussion-panel\/#breadcrumb"},"inLanguage":"en-US","potentialAction":[{"@type":"ReadAction","target":["https:\/\/solida.com.es\/en\/solida-sponsors-energyear-mediterranea-which-will-feature-angel-bertol-in-a-discussion-panel\/"]}]},{"@type":"ImageObject","inLanguage":"en-US","@id":"https:\/\/solida.com.es\/en\/solida-sponsors-energyear-mediterranea-which-will-feature-angel-bertol-in-a-discussion-panel\/#primaryimage","url":"https:\/\/solida.com.es\/wp-content\/uploads\/2022\/04\/ANGEL-BERTOL-EN.jpg","contentUrl":"https:\/\/solida.com.es\/wp-content\/uploads\/2022\/04\/ANGEL-BERTOL-EN.jpg","width":2500,"height":2500},{"@type":"BreadcrumbList","@id":"https:\/\/solida.com.es\/en\/solida-sponsors-energyear-mediterranea-which-will-feature-angel-bertol-in-a-discussion-panel\/#breadcrumb","itemListElement":[{"@type":"ListItem","position":1,"name":"Portada","item":"https:\/\/solida.com.es\/en\/"},{"@type":"ListItem","position":2,"name":"S\u00d3LIDA sponsors Energyear Mediterr\u00e1nea which will feature \u00c1ngel Bertol in a discussion panel"}]},{"@type":"WebSite","@id":"https:\/\/solida.com.es\/en\/#website","url":"https:\/\/solida.com.es\/en\/","name":"S\u00f3lida","description":"Ingeniera especializada en renovables","potentialAction":[{"@type":"SearchAction","target":{"@type":"EntryPoint","urlTemplate":"https:\/\/solida.com.es\/en\/?s={search_term_string}"},"query-input":{"@type":"PropertyValueSpecification","valueRequired":true,"valueName":"search_term_string"}}],"inLanguage":"en-US"},{"@type":"Person","@id":"https:\/\/solida.com.es\/en\/#\/schema\/person\/6d5bb661215a6aed0ad7743800fe774f","name":"Solida Administrador","image":{"@type":"ImageObject","inLanguage":"en-US","@id":"https:\/\/secure.gravatar.com\/avatar\/fb786a37b6aa4e6c8fcb84c41d1c12ab0de39c097abe6ba793fedc2e0041d95f?s=96&d=mm&r=g","url":"https:\/\/secure.gravatar.com\/avatar\/fb786a37b6aa4e6c8fcb84c41d1c12ab0de39c097abe6ba793fedc2e0041d95f?s=96&d=mm&r=g","contentUrl":"https:\/\/secure.gravatar.com\/avatar\/fb786a37b6aa4e6c8fcb84c41d1c12ab0de39c097abe6ba793fedc2e0041d95f?s=96&d=mm&r=g","caption":"Solida Administrador"},"url":"https:\/\/solida.com.es\/en\/author\/solida-administrador\/"}]}},"_links":{"self":[{"href":"https:\/\/solida.com.es\/en\/wp-json\/wp\/v2\/posts\/5672","targetHints":{"allow":["GET"]}}],"collection":[{"href":"https:\/\/solida.com.es\/en\/wp-json\/wp\/v2\/posts"}],"about":[{"href":"https:\/\/solida.com.es\/en\/wp-json\/wp\/v2\/types\/post"}],"author":[{"embeddable":true,"href":"https:\/\/solida.com.es\/en\/wp-json\/wp\/v2\/users\/3"}],"replies":[{"embeddable":true,"href":"https:\/\/solida.com.es\/en\/wp-json\/wp\/v2\/comments?post=5672"}],"version-history":[{"count":0,"href":"https:\/\/solida.com.es\/en\/wp-json\/wp\/v2\/posts\/5672\/revisions"}],"wp:featuredmedia":[{"embeddable":true,"href":"https:\/\/solida.com.es\/en\/wp-json\/wp\/v2\/media\/5678"}],"wp:attachment":[{"href":"https:\/\/solida.com.es\/en\/wp-json\/wp\/v2\/media?parent=5672"}],"wp:term":[{"taxonomy":"category","embeddable":true,"href":"https:\/\/solida.com.es\/en\/wp-json\/wp\/v2\/categories?post=5672"},{"taxonomy":"post_tag","embeddable":true,"href":"https:\/\/solida.com.es\/en\/wp-json\/wp\/v2\/tags?post=5672"}],"curies":[{"name":"wp","href":"https:\/\/api.w.org\/{rel}","templated":true}]}}